{"id":2606,"date":"2026-03-10T16:32:00","date_gmt":"2026-03-10T19:32:00","guid":{"rendered":"https:\/\/polianabentes.com.br\/?p=2606"},"modified":"2026-03-10T16:32:02","modified_gmt":"2026-03-10T19:32:02","slug":"agenda-bnts-destaca-eventos-estrategicos-de-inovacao-gestao-e-empreendedorismo-em-marco","status":"publish","type":"post","link":"https:\/\/polianabentes.com.br\/en\/agenda-bnts-destaca-eventos-estrategicos-de-inovacao-gestao-e-empreendedorismo-em-marco\/","title":{"rendered":"Agenda BNTS destaca eventos estrat\u00e9gicos de inova\u00e7\u00e3o, gest\u00e3o e empreendedorismo em mar\u00e7o"},"content":{"rendered":"<p>A BNTS Consultoria em Rela\u00e7\u00f5es Institucionais e Governamentais atualizou a agenda de eventos corporativos dispon\u00edvel em seu site. A iniciativa re\u00fane encontros estrat\u00e9gicos que movimentam os setores de inova\u00e7\u00e3o, gest\u00e3o, empreendedorismo e desenvolvimento empresarial ao longo do m\u00eas de mar\u00e7o.<\/p>\n\n\n\n<p>Entre os destaques da programa\u00e7\u00e3o est\u00e3o o evento&nbsp;<strong>\u201cInova\u00e7\u00e3o, Tecnologia e Gest\u00e3o: Do landbank \u00e0 entrega da obra\u201d<\/strong>, no dia 11; a&nbsp;<strong>Jornada Nacional de Inova\u00e7\u00e3o da Ind\u00fastria<\/strong>, que ocorre de 11 a 12 de mar\u00e7o; e o&nbsp;<strong>Pr\u00eamio Empreendedora do Ano<\/strong>, marcado para o dia 12. A agenda tamb\u00e9m inclui o&nbsp;<strong>CONEX\u00c3O DP ITINERANTE | Edi\u00e7\u00e3o Bel\u00e9m 2026<\/strong>&nbsp;(14\/03) e a&nbsp;<strong>2\u00ba Imers\u00e3o Abrasel<\/strong>&nbsp;(17\/03), iniciativas que promovem networking e troca de conhecimento entre profissionais e lideran\u00e7as.<\/p>\n\n\n\n<p>Na segunda quinzena do m\u00eas, a programa\u00e7\u00e3o segue com a&nbsp;<strong>Roda de Conversa Mulheres Reais<\/strong>&nbsp;(25\/03), o&nbsp;<strong>CONASI Confian\u00e7a Bel\u00e9m 2026 \u2013 Congresso Nacional de Administradoras e S\u00edndicos pelo Brasil<\/strong>&nbsp;(28\/03) e um&nbsp;<strong>Evento do Dia das Mulheres<\/strong>, previsto para 31 de mar\u00e7o.<\/p>\n\n\n\n<p>Para a CEO da BNTS, Poliana Bentes, acompanhar esses encontros \u00e9 fundamental para fortalecer conex\u00f5es e ampliar o di\u00e1logo institucional. \u201cManter uma agenda atualizada de eventos corporativos \u00e9 uma forma de incentivar a participa\u00e7\u00e3o qualificada de empresas e lideran\u00e7as em espa\u00e7os onde surgem ideias, parcerias e oportunidades para o desenvolvimento de neg\u00f3cios\u201d, destaca.<\/p>","protected":false},"excerpt":{"rendered":"<p>A BNTS Consultoria em Rela\u00e7\u00f5es Institucionais e Governamentais atualizou a agenda de eventos corporativos dispon\u00edvel em seu site. A iniciativa re\u00fane encontros estrat\u00e9gicos que movimentam os setores de inova\u00e7\u00e3o, gest\u00e3o, empreendedorismo e desenvolvimento empresarial ao longo do m\u00eas de mar\u00e7o. Entre os destaques da programa\u00e7\u00e3o est\u00e3o o evento&nbsp;\u201cInova\u00e7\u00e3o, Tecnologia e Gest\u00e3o: Do landbank \u00e0 entrega [&hellip;]<\/p>","protected":false},"author":2,"featured_media":0,"comment_status":"open","ping_status":"open","sticky":false,"template":"","format":"standard","meta":{"footnotes":""},"categories":[1],"tags":[],"class_list":["post-2606","post","type-post","status-publish","format-standard","hentry","category-uncategorized"],"_links":{"self":[{"href":"https:\/\/polianabentes.com.br\/en\/wp-json\/wp\/v2\/posts\/2606","targetHints":{"allow":["GET"]}}],"collection":[{"href":"https:\/\/polianabentes.com.br\/en\/wp-json\/wp\/v2\/posts"}],"about":[{"href":"https:\/\/polianabentes.com.br\/en\/wp-json\/wp\/v2\/types\/post"}],"author":[{"embeddable":true,"href":"https:\/\/polianabentes.com.br\/en\/wp-json\/wp\/v2\/users\/2"}],"replies":[{"embeddable":true,"href":"https:\/\/polianabentes.com.br\/en\/wp-json\/wp\/v2\/comments?post=2606"}],"version-history":[{"count":1,"href":"https:\/\/polianabentes.com.br\/en\/wp-json\/wp\/v2\/posts\/2606\/revisions"}],"predecessor-version":[{"id":2607,"href":"https:\/\/polianabentes.com.br\/en\/wp-json\/wp\/v2\/posts\/2606\/revisions\/2607"}],"wp:attachment":[{"href":"https:\/\/polianabentes.com.br\/en\/wp-json\/wp\/v2\/media?parent=2606"}],"wp:term":[{"taxonomy":"category","embeddable":true,"href":"https:\/\/polianabentes.com.br\/en\/wp-json\/wp\/v2\/categories?post=2606"},{"taxonomy":"post_tag","embeddable":true,"href":"https:\/\/polianabentes.com.br\/en\/wp-json\/wp\/v2\/tags?post=2606"}],"curies":[{"name":"wp","href":"https:\/\/api.w.org\/{rel}","templated":true}]}}