{"id":2535,"date":"2025-08-18T17:18:19","date_gmt":"2025-08-18T20:18:19","guid":{"rendered":"https:\/\/polianabentes.com.br\/?p=2535"},"modified":"2025-08-25T18:11:21","modified_gmt":"2025-08-25T21:11:21","slug":"bnts-analisa-impactos-das-tarifas-americanas-para-o-para-e-para-o-brasil","status":"publish","type":"post","link":"https:\/\/polianabentes.com.br\/en\/bnts-analisa-impactos-das-tarifas-americanas-para-o-para-e-para-o-brasil\/","title":{"rendered":"BNTS analisa impactos das tarifas americanas para o Par\u00e1 e para o Brasil"},"content":{"rendered":"<p>A BNTS Consultoria Empresarial est\u00e1 publicando em seu perfil no Instagram uma s\u00e9rie de conte\u00fados sobre as tarifas impostas pelos Estados Unidos ao Brasil. A iniciativa tem como objetivo trazer uma an\u00e1lise clara e acess\u00edvel sobre os efeitos da medida no setor produtivo. Quem conduz a apresenta\u00e7\u00e3o \u00e9 <strong>Poliana Bentes, diretora da BNTS<\/strong>, especialista em rela\u00e7\u00f5es institucionais e governamentais.<\/p>\n\n\n\n<figure class=\"wp-block-image size-large\"><img fetchpriority=\"high\" decoding=\"async\" width=\"1024\" height=\"576\" src=\"http:\/\/polianabentes.com.br\/wp-content\/uploads\/2025\/08\/3-1024x576.jpg\" alt=\"\" class=\"wp-image-2536\" srcset=\"https:\/\/polianabentes.com.br\/wp-content\/uploads\/2025\/08\/3-1024x576.jpg 1024w, https:\/\/polianabentes.com.br\/wp-content\/uploads\/2025\/08\/3-300x169.jpg 300w, https:\/\/polianabentes.com.br\/wp-content\/uploads\/2025\/08\/3-768x432.jpg 768w, https:\/\/polianabentes.com.br\/wp-content\/uploads\/2025\/08\/3-1536x864.jpg 1536w, https:\/\/polianabentes.com.br\/wp-content\/uploads\/2025\/08\/3-18x10.jpg 18w, https:\/\/polianabentes.com.br\/wp-content\/uploads\/2025\/08\/3.jpg 1920w\" sizes=\"(max-width: 1024px) 100vw, 1024px\" \/><\/figure>\n\n\n\n<p>Entre os temas abordados, a consultoria destaca o impacto direto das tarifas sobre a economia do Par\u00e1, estado estrat\u00e9gico para a ind\u00fastria de base mineral e para a pauta exportadora nacional. Um levantamento da Federa\u00e7\u00e3o das Ind\u00fastrias do Par\u00e1 (Fiepa) mostrou que, apesar de sete dos dez principais produtos exportados pelo estado aos EUA estarem isentos das novas tarifas, como a alumina calcinada, respons\u00e1vel por 32% das exporta\u00e7\u00f5es, segmentos como sucos de frutas, madeiras tropicais e hidr\u00f3xido de alum\u00ednio sofreram taxa\u00e7\u00e3o integral. Na pr\u00e1tica, a estimativa \u00e9 de uma retra\u00e7\u00e3o de R$ 403 milh\u00f5es no PIB estadual em 2025.<\/p>\n\n\n\n<p>A s\u00e9rie tamb\u00e9m analisa a crescente disputa internacional em torno dos chamados minerais cr\u00edticos, insumos essenciais para tecnologias limpas como baterias de ve\u00edculos el\u00e9tricos, pain\u00e9is solares e semicondutores. O Brasil ocupa posi\u00e7\u00e3o estrat\u00e9gica nesse tabuleiro: det\u00e9m 90% das reservas conhecidas de ni\u00f3bio no mundo, al\u00e9m de ser destaque em n\u00edquel, l\u00edtio e terras raras. O interesse dos EUA nessas reservas adiciona uma camada geopol\u00edtica \u00e0 rela\u00e7\u00e3o bilateral, refor\u00e7ando a import\u00e2ncia da Amaz\u00f4nia e do Par\u00e1 nesse cen\u00e1rio.<\/p>\n\n\n\n<p>Por fim, Poliana Bentes ressalta o papel da COP 30, que ser\u00e1 realizada em Bel\u00e9m. Mais do que uma confer\u00eancia clim\u00e1tica, a c\u00fapula \u00e9 vista como espa\u00e7o de disputas diplom\u00e1ticas onde se cruzam interesses ambientais, econ\u00f4micos e estrat\u00e9gicos. Para a diretora da BNTS, compreender esse contexto \u00e9 fundamental para que empresas, gestores p\u00fablicos e lideran\u00e7as pol\u00edticas consigam posicionar o Brasil \u2014 e especialmente a Amaz\u00f4nia \u2014 de forma protagonista nas negocia\u00e7\u00f5es internacionais.<\/p>\n\n\n\n<p><\/p>","protected":false},"excerpt":{"rendered":"<p>A BNTS Consultoria Empresarial est\u00e1 publicando em seu perfil no Instagram uma s\u00e9rie de conte\u00fados sobre as tarifas impostas pelos Estados Unidos ao Brasil. A iniciativa tem como objetivo trazer uma an\u00e1lise clara e acess\u00edvel sobre os efeitos da medida no setor produtivo. Quem conduz a apresenta\u00e7\u00e3o \u00e9 Poliana Bentes, diretora da BNTS, especialista em [&hellip;]<\/p>","protected":false},"author":2,"featured_media":2536,"comment_status":"open","ping_status":"open","sticky":false,"template":"","format":"standard","meta":{"footnotes":""},"categories":[34],"tags":[],"class_list":["post-2535","post","type-post","status-publish","format-standard","has-post-thumbnail","hentry","category-empreendedorismo"],"_links":{"self":[{"href":"https:\/\/polianabentes.com.br\/en\/wp-json\/wp\/v2\/posts\/2535","targetHints":{"allow":["GET"]}}],"collection":[{"href":"https:\/\/polianabentes.com.br\/en\/wp-json\/wp\/v2\/posts"}],"about":[{"href":"https:\/\/polianabentes.com.br\/en\/wp-json\/wp\/v2\/types\/post"}],"author":[{"embeddable":true,"href":"https:\/\/polianabentes.com.br\/en\/wp-json\/wp\/v2\/users\/2"}],"replies":[{"embeddable":true,"href":"https:\/\/polianabentes.com.br\/en\/wp-json\/wp\/v2\/comments?post=2535"}],"version-history":[{"count":2,"href":"https:\/\/polianabentes.com.br\/en\/wp-json\/wp\/v2\/posts\/2535\/revisions"}],"predecessor-version":[{"id":2542,"href":"https:\/\/polianabentes.com.br\/en\/wp-json\/wp\/v2\/posts\/2535\/revisions\/2542"}],"wp:featuredmedia":[{"embeddable":true,"href":"https:\/\/polianabentes.com.br\/en\/wp-json\/wp\/v2\/media\/2536"}],"wp:attachment":[{"href":"https:\/\/polianabentes.com.br\/en\/wp-json\/wp\/v2\/media?parent=2535"}],"wp:term":[{"taxonomy":"category","embeddable":true,"href":"https:\/\/polianabentes.com.br\/en\/wp-json\/wp\/v2\/categories?post=2535"},{"taxonomy":"post_tag","embeddable":true,"href":"https:\/\/polianabentes.com.br\/en\/wp-json\/wp\/v2\/tags?post=2535"}],"curies":[{"name":"wp","href":"https:\/\/api.w.org\/{rel}","templated":true}]}}