{"id":2521,"date":"2025-08-18T17:06:11","date_gmt":"2025-08-18T20:06:11","guid":{"rendered":"https:\/\/polianabentes.com.br\/?p=2521"},"modified":"2025-08-18T17:06:11","modified_gmt":"2025-08-18T20:06:11","slug":"bnts-e-apoiadora-oficial-do-cirio-de-nazare-pelo-segundo-ano-consecutivo","status":"publish","type":"post","link":"https:\/\/polianabentes.com.br\/en\/bnts-e-apoiadora-oficial-do-cirio-de-nazare-pelo-segundo-ano-consecutivo\/","title":{"rendered":"BNTS \u00e9 apoiadora oficial do C\u00edrio de Nazar\u00e9 pelo segundo ano consecutivo"},"content":{"rendered":"<p>Pelo segundo ano consecutivo, a BNTS Consultoria Empresarial \u00e9 apoiadora oficial do C\u00edrio de Nossa Senhora de Nazar\u00e9, a maior manifesta\u00e7\u00e3o de f\u00e9 do povo paraense. A iniciativa refor\u00e7a a cren\u00e7a da consultoria na for\u00e7a das rela\u00e7\u00f5es \u2013 no caso do C\u00edrio, uma rela\u00e7\u00e3o de amor, devo\u00e7\u00e3o e f\u00e9 com a Padroeira da Amaz\u00f4nia.<\/p>\n\n\n\n<p>Como parte dessa a\u00e7\u00e3o, a BNTS tamb\u00e9m vai distribuir a parceiros e amigos os tradicionais cartazes oficiais do C\u00edrio, que este ano trazem a logomarca da empresa. Para a BNTS, apoiar a festividade \u00e9 reconhecer o impacto cultural, religioso e social do evento, que mobiliza milh\u00f5es de pessoas e fortalece v\u00ednculos na regi\u00e3o e no pa\u00eds.<\/p>","protected":false},"excerpt":{"rendered":"<p>Pelo segundo ano consecutivo, a BNTS Consultoria Empresarial \u00e9 apoiadora oficial do C\u00edrio de Nossa Senhora de Nazar\u00e9, a maior manifesta\u00e7\u00e3o de f\u00e9 do povo paraense. A iniciativa refor\u00e7a a cren\u00e7a da consultoria na for\u00e7a das rela\u00e7\u00f5es \u2013 no caso do C\u00edrio, uma rela\u00e7\u00e3o de amor, devo\u00e7\u00e3o e f\u00e9 com a Padroeira da Amaz\u00f4nia. Como [&hellip;]<\/p>","protected":false},"author":2,"featured_media":2522,"comment_status":"open","ping_status":"open","sticky":false,"template":"","format":"standard","meta":{"footnotes":""},"categories":[34],"tags":[],"class_list":["post-2521","post","type-post","status-publish","format-standard","has-post-thumbnail","hentry","category-empreendedorismo"],"_links":{"self":[{"href":"https:\/\/polianabentes.com.br\/en\/wp-json\/wp\/v2\/posts\/2521","targetHints":{"allow":["GET"]}}],"collection":[{"href":"https:\/\/polianabentes.com.br\/en\/wp-json\/wp\/v2\/posts"}],"about":[{"href":"https:\/\/polianabentes.com.br\/en\/wp-json\/wp\/v2\/types\/post"}],"author":[{"embeddable":true,"href":"https:\/\/polianabentes.com.br\/en\/wp-json\/wp\/v2\/users\/2"}],"replies":[{"embeddable":true,"href":"https:\/\/polianabentes.com.br\/en\/wp-json\/wp\/v2\/comments?post=2521"}],"version-history":[{"count":1,"href":"https:\/\/polianabentes.com.br\/en\/wp-json\/wp\/v2\/posts\/2521\/revisions"}],"predecessor-version":[{"id":2524,"href":"https:\/\/polianabentes.com.br\/en\/wp-json\/wp\/v2\/posts\/2521\/revisions\/2524"}],"wp:featuredmedia":[{"embeddable":true,"href":"https:\/\/polianabentes.com.br\/en\/wp-json\/wp\/v2\/media\/2522"}],"wp:attachment":[{"href":"https:\/\/polianabentes.com.br\/en\/wp-json\/wp\/v2\/media?parent=2521"}],"wp:term":[{"taxonomy":"category","embeddable":true,"href":"https:\/\/polianabentes.com.br\/en\/wp-json\/wp\/v2\/categories?post=2521"},{"taxonomy":"post_tag","embeddable":true,"href":"https:\/\/polianabentes.com.br\/en\/wp-json\/wp\/v2\/tags?post=2521"}],"curies":[{"name":"wp","href":"https:\/\/api.w.org\/{rel}","templated":true}]}}